{"id":6297,"global_id":"my-easy-access.com?id=6297","global_id_lineage":["my-easy-access.com?id=6297"],"author":"10","status":"publish","date":"2026-03-11 11:39:25","date_utc":"2026-03-11 10:39:25","modified":"2026-03-31 09:47:45","modified_utc":"2026-03-31 07:47:45","url":"https:\/\/my-easy-access.com\/?tribe_events=bonnes-meres-la-maternite-mediterraneenne-sexpose","rest_url":"https:\/\/my-easy-access.com\/index.php?rest_route=\/tribe\/events\/v1\/events\/6297","title":"Bonnes M\u00e8res : la maternit\u00e9 m\u00e9diterran\u00e9enne s&rsquo;expose","description":"<p>\u00c0 partir du 18 mars 2026, le Mucem consacre <strong>la maternit\u00e9 m\u00e9diterran\u00e9enne comme objet de construction sociale<\/strong>, enjeu politique et sujet artistique dans un parcours immersif et diachronique retra\u00e7ant son histoire de l&rsquo;Antiquit\u00e9 \u00e0 nos jours.<\/p>\n<p>Des d\u00e9esses-m\u00e8res antiques \u00e0 la Bonne M\u00e8re marseillaise, des m\u00e8res patriotiques aux artistes contemporaines, <strong>l&rsquo;exposition \u00ab Bonnes M\u00e8res \u00bb interroge les repr\u00e9sentations d&rsquo;une maternit\u00e9 souvent porteuse d&rsquo;injonctions<\/strong> et d\u00e9voile la pluralit\u00e9 des v\u00e9cus maternels.<\/p>\n<p>Le parcours se d\u00e9roule en <strong>trois sections<\/strong>. La premi\u00e8re plonge dans les imaginaires li\u00e9s aux figures traditionnelles de la m\u00e8re, souvent id\u00e9alis\u00e9s et fantasm\u00e9s. La deuxi\u00e8me s&rsquo;int\u00e9resse aux r\u00e9alit\u00e9s complexes et singuli\u00e8res de la maternit\u00e9, d\u00e9voilant des exp\u00e9riences intimes souvent pass\u00e9es sous silence \u2014 comme le deuil p\u00e9rinatal ou les interruptions de grossesse. L&rsquo;exposition s&rsquo;ach\u00e8ve par un focus sur la transmission et les liens m\u00e8re-enfant.<\/p>\n<div id=\"attachment_6300\" style=\"width: 810px\" class=\"wp-caption aligncenter\"><img decoding=\"async\" aria-describedby=\"caption-attachment-6300\" class=\"wp-image-6300 size-full\" src=\"https:\/\/my-easy-access.com\/wp-content\/uploads\/2026\/03\/Zelij-SuperOum-Format-70x70-cm-\u00a9-2022-Fatima-MAZMOUZ.webp\" alt=\"Bonnes M\u00e8res : la maternit\u00e9 m\u00e9diterran\u00e9enne s'expose\" width=\"800\" height=\"800\" srcset=\"https:\/\/my-easy-access.com\/wp-content\/uploads\/2026\/03\/Zelij-SuperOum-Format-70x70-cm-\u00a9-2022-Fatima-MAZMOUZ.webp 800w, https:\/\/my-easy-access.com\/wp-content\/uploads\/2026\/03\/Zelij-SuperOum-Format-70x70-cm-\u00a9-2022-Fatima-MAZMOUZ-300x300.webp 300w, https:\/\/my-easy-access.com\/wp-content\/uploads\/2026\/03\/Zelij-SuperOum-Format-70x70-cm-\u00a9-2022-Fatima-MAZMOUZ-150x150.webp 150w, https:\/\/my-easy-access.com\/wp-content\/uploads\/2026\/03\/Zelij-SuperOum-Format-70x70-cm-\u00a9-2022-Fatima-MAZMOUZ-768x768.webp 768w, https:\/\/my-easy-access.com\/wp-content\/uploads\/2026\/03\/Zelij-SuperOum-Format-70x70-cm-\u00a9-2022-Fatima-MAZMOUZ-480x480.webp 480w\" sizes=\"(max-width: 800px) 100vw, 800px\" \/><p id=\"caption-attachment-6300\" class=\"wp-caption-text\">Zelij SuperOum<\/p><\/div>\n<p>Le parcours est \u00e9maill\u00e9 d&rsquo;\u0153uvres de Louise Bourgeois, Annette Messager, Niki de Saint Phalle, mais aussi <strong>de nombreuses artistes du bassin m\u00e9diterran\u00e9en<\/strong> : Nour Awada, Fatima Mazmouz, Zineb Sedira, Joana Vasconcelos et bien d&rsquo;autres. L&rsquo;exposition est mont\u00e9e en co-commissariat avec la Fondation des Femmes.<\/p>\n<div id=\"attachment_6301\" style=\"width: 590px\" class=\"wp-caption aligncenter\"><img decoding=\"async\" aria-describedby=\"caption-attachment-6301\" class=\"wp-image-6301 size-full\" src=\"https:\/\/my-easy-access.com\/wp-content\/uploads\/2026\/03\/Pendentif_coeur_de_Viana_Portugal_\u00a9_Mucem_Marianne_Kuhn.webp\" alt=\"Bonnes M\u00e8res : la maternit\u00e9 m\u00e9diterran\u00e9enne s'expose\" width=\"580\" height=\"800\" srcset=\"https:\/\/my-easy-access.com\/wp-content\/uploads\/2026\/03\/Pendentif_coeur_de_Viana_Portugal_\u00a9_Mucem_Marianne_Kuhn.webp 580w, https:\/\/my-easy-access.com\/wp-content\/uploads\/2026\/03\/Pendentif_coeur_de_Viana_Portugal_\u00a9_Mucem_Marianne_Kuhn-218x300.webp 218w, https:\/\/my-easy-access.com\/wp-content\/uploads\/2026\/03\/Pendentif_coeur_de_Viana_Portugal_\u00a9_Mucem_Marianne_Kuhn-480x662.webp 480w\" sizes=\"(max-width: 580px) 100vw, 580px\" \/><p id=\"caption-attachment-6301\" class=\"wp-caption-text\">Pendentif Coeur de Viana Portugal \u00a9Mucem\/Marianne Kuhn<\/p><\/div>\n<h3><strong>O\u00f9, quand, combien ?<\/strong><\/h3>\n<p>\u00c0 partir du mercredi 18 mars 2026. Tous les jours sauf le mardi, le 1 mai, le 25 d\u00e9cembre de 10h \u00e0 18h. Acc\u00e8s J4 \/ Salle d&rsquo;exposition &#8211; R+2. Tarif plein: 11\u20ac Tarif r\u00e9duit : 7.50\u20ac Billet famille: 18\u20ac<\/p>\n<h3><strong>Visites adapt\u00e9es :<\/strong><\/h3>\n<p><strong>Pour les visites accessibles<\/strong> : audioguide et visioguide LSF version tactile pour les personnes malvoyantes.<\/p>\n<p>Visites guid\u00e9es LSF (Langue des Signes Fran\u00e7aise) gr\u00e2ce \u00e0 la pr\u00e9sence d&rsquo;un guide sourd. <strong>Prochaines visites<\/strong> : samedis 25 avril, 27 juin et 4 juillet.<\/p>\n<p>La r\u00e9servation peut se faire aupr\u00e8s du service des r\u00e9servations du Mucem :<br \/>\n&#8211; par email : <a class=\"ms-outlook-linkify\" href=\"mailto:reservation@mucem.org\">reservation@mucem.org<\/a><br \/>\n&#8211; par sms : 06 07 26 29 62<br \/>\n&#8211; par t\u00e9l\u00e9phone : 04 84 35 13 13<\/p>\n<p>Le tarif des visites guid\u00e9es est de 5\u20ac par personne. Vous \u00eates invit\u00e9 \u00e0 vous pr\u00e9senter \u00e0 la billetterie du Mucem (b\u00e2timent J4) au moins 10 minutes avant le d\u00e9but de la visite.<\/p>\n<p><strong>Visites guid\u00e9es audiod\u00e9crites et sensorielles de l&rsquo;exposition <\/strong>(Tarif 5\u20ac pour la personne en situation de handicap visuel et gratuit\u00e9 pour l\u2019accompagnateur), <b>se renseigner<\/b> par t\u00e9l\u00e9phone au 04 84 35 13 13 ou par sms au\u00a006 07 26 29 62\u00a0ou par mail : <a title=\"mailto:reservation@mucem.org\" href=\"mailto:reservation@mucem.org\" data-outlook-id=\"2b22e3da-3995-41aa-aae2-dfc562244272\">reservation@mucem.org<\/a><\/p>\n<p>Acc\u00e8s\/Rendez-vous : Hall du b\u00e2timent principal Mucem\/J4<\/p>\n<h3><strong>Services :<\/strong><\/h3>\n<p>Tous les accueils sont \u00e9quip\u00e9s d\u2019une aide \u00e0 l\u2019audition pour le public malentendant (BIM: boucle d induction magn\u00e9tique ) y compris au vestiaire. Possibilit\u00e9 d\u2019emprunter des fauteuils roulants, si\u00e8ges-cannes, loupes et poussettes \u00e0 l\u2019accueil.<\/p>\n<p><strong>Acc\u00e8s prioritaire<\/strong> pour les visiteurs en situation de handicap et leurs accompagnants. <strong>Signal\u00e9tique adapt\u00e9e<\/strong>, parcours sans rupture de niveau, rev\u00eatements roulants.<\/p>\n<p><strong>Toilettes : <\/strong>A chaque \u00e9tage, les toilettes sont accessibles et tous \u00e9quip\u00e9s d\u2019alarme visuelle :<\/p>\n<ul>\n<li><strong>3eme \u2013 Terrasse WC<\/strong>\u00a0Homme transfert \u00e0 droite,<br \/>\nWC Femme transfert \u00e0 gauche.<\/li>\n<li><strong>2nd \u00e9tage \u2013 Expos temporaires<\/strong>\u00a0: WC Femme transfert \u00e0 gauche; WC Homme transfert \u00e0 droite<\/li>\n<li><strong>-1\u00a0 Vestiaire:<\/strong>\u00a0WC Homme transfert \u00e0 droite; WC Femme\u00a0 transfert \u00e0 gauche<\/li>\n<li><strong>Forum<\/strong>\u00a0 WC Homme transfert \u00e0 droite, WC Femme transfert \u00e0 droite<\/li>\n<\/ul>\n<div>\n<h3><strong>Transport \/ arriv\u00e9e sur site :<\/strong><\/h3>\n<p><strong>En transport en commun :\u00a0<\/strong><\/p>\n<p>M\u00e9tro : Ligne M2 \u2013 Station Vieux-Port : cette station est accessible aux personnes \u00e0 mobilit\u00e9 r\u00e9duite gr\u00e2ce \u00e0 des ascenseurs et des portiques adapt\u00e9s. Station Joliette (\u00e9galement sur la ligne M2) est \u00e0 environ 10 minutes \u00e0 pied du Mucem.<\/p>\n<p>Bus : Lignes 49, 60, 82S, 83 et 582 desservent les arr\u00eats Littoral Major, Fort Saint-Jean ou \u00c9glise Saint-Laurent, tous situ\u00e9s \u00e0 moins de 5 minutes \u00e0 pied du mus\u00e9e. Les bus RTM sont \u00e9quip\u00e9s de rampes d\u2019acc\u00e8s et de places r\u00e9serv\u00e9es PMR.<\/p>\n<p>Transport \u00e0 la demande : Mobim\u00e9tropole, service de transport public porte-\u00e0-porte r\u00e9serv\u00e9 aux personnes en situation de handicap (80 % d\u2019invalidit\u00e9 minimum). Fonctionne tous les jours de 6h \u00e0 1h, sur r\u00e9servation pr\u00e9alable sur <a href=\"https:\/\/www.rtm.fr\/mobimetropole\" target=\"_blank\" rel=\"noopener\">le site RTM<\/a>.<\/p>\n<p><strong>En voiture :\u00a0 <\/strong>Parking Indigo Vieux-Port Fort Saint-Jean, situ\u00e9 \u00e0 proximit\u00e9 imm\u00e9diate du mus\u00e9e. Il dispose de places r\u00e9serv\u00e9es PMR et d\u2019un ascenseur permettant d\u2019acc\u00e9der directement \u00e0 l\u2019esplanade du J4.<\/p>\n<p>D\u00e9pose-minute possible : sur l\u2019esplanade du J4, en pr\u00e9venant le service des r\u00e9servations au\u00a0 04 84 35 13 13 ou par mail \u00e0 reservation@mucem.org.<\/p>\n<p>Autres parkings accessibles \u00e0 proximit\u00e9 : Q-Park Joliette (\u00e0 10-15 min \u00e0 pied) Parking La Cri\u00e9e (environ 10 min \u00e0 pied) Q-Park Pharo (7 min \u00e0 pied)<\/p>\n<p><strong>A pied ou en fauteuil : <\/strong>Entr\u00e9e conseill\u00e9e par le b\u00e2timent J4, accessible de plain-pied<strong>.<\/strong><\/p>\n<p><strong>Attention :<\/strong> certains acc\u00e8s du fort Saint-Jean et quelques espaces du jardin des migrations sont peu ou pas accessibles.<\/p>\n<\/div>","excerpt":"","slug":"bonnes-meres-la-maternite-mediterraneenne-sexpose","image":{"url":"https:\/\/my-easy-access.com\/wp-content\/uploads\/2026\/03\/MUCEM-SITE_bonnes-meres_72dpi_1280_823px-1200x772-1-e1773224684280.webp","id":6299,"extension":"webp","width":708,"height":772,"filesize":112482,"sizes":{"medium":{"width":275,"height":300,"mime-type":"image\/webp","filesize":25170,"url":"https:\/\/my-easy-access.com\/wp-content\/uploads\/2026\/03\/MUCEM-SITE_bonnes-meres_72dpi_1280_823px-1200x772-1-e1773224684280-275x300.webp"},"large":{"width":1024,"height":659,"mime-type":"image\/webp","filesize":88380,"url":"https:\/\/my-easy-access.com\/wp-content\/uploads\/2026\/03\/MUCEM-SITE_bonnes-meres_72dpi_1280_823px-1200x772-1-1024x659.webp"},"thumbnail":{"width":150,"height":150,"mime-type":"image\/webp","filesize":8422,"url":"https:\/\/my-easy-access.com\/wp-content\/uploads\/2026\/03\/MUCEM-SITE_bonnes-meres_72dpi_1280_823px-1200x772-1-e1773224684280-150x150.webp"},"medium_large":{"width":768,"height":494,"mime-type":"image\/webp","filesize":58306,"url":"https:\/\/my-easy-access.com\/wp-content\/uploads\/2026\/03\/MUCEM-SITE_bonnes-meres_72dpi_1280_823px-1200x772-1-768x494.webp"},"et-pb-post-main-image":{"width":400,"height":250,"mime-type":"image\/webp","filesize":23686,"url":"https:\/\/my-easy-access.com\/wp-content\/uploads\/2026\/03\/MUCEM-SITE_bonnes-meres_72dpi_1280_823px-1200x772-1-e1773224684280-400x250.webp"},"et-pb-post-main-image-fullwidth":{"width":708,"height":675,"mime-type":"image\/webp","filesize":93988,"url":"https:\/\/my-easy-access.com\/wp-content\/uploads\/2026\/03\/MUCEM-SITE_bonnes-meres_72dpi_1280_823px-1200x772-1-e1773224684280-708x675.webp"},"et-pb-portfolio-image":{"width":400,"height":284,"mime-type":"image\/webp","filesize":26756,"url":"https:\/\/my-easy-access.com\/wp-content\/uploads\/2026\/03\/MUCEM-SITE_bonnes-meres_72dpi_1280_823px-1200x772-1-e1773224684280-400x284.webp"},"et-pb-portfolio-module-image":{"width":510,"height":382,"mime-type":"image\/webp","filesize":40634,"url":"https:\/\/my-easy-access.com\/wp-content\/uploads\/2026\/03\/MUCEM-SITE_bonnes-meres_72dpi_1280_823px-1200x772-1-e1773224684280-510x382.webp"},"et-pb-portfolio-image-single":{"width":1080,"height":695,"mime-type":"image\/webp","filesize":95458,"url":"https:\/\/my-easy-access.com\/wp-content\/uploads\/2026\/03\/MUCEM-SITE_bonnes-meres_72dpi_1280_823px-1200x772-1-1080x695.webp"},"et-pb-gallery-module-image-portrait":{"width":400,"height":516,"mime-type":"image\/webp","filesize":50760,"url":"https:\/\/my-easy-access.com\/wp-content\/uploads\/2026\/03\/MUCEM-SITE_bonnes-meres_72dpi_1280_823px-1200x772-1-e1773224684280-400x516.webp"},"et-pb-image--responsive--tablet":{"width":708,"height":551,"mime-type":"image\/webp","filesize":80662,"url":"https:\/\/my-easy-access.com\/wp-content\/uploads\/2026\/03\/MUCEM-SITE_bonnes-meres_72dpi_1280_823px-1200x772-1-e1773224684280-708x551.webp"},"et-pb-image--responsive--phone":{"width":480,"height":270,"mime-type":"image\/webp","filesize":28134,"url":"https:\/\/my-easy-access.com\/wp-content\/uploads\/2026\/03\/MUCEM-SITE_bonnes-meres_72dpi_1280_823px-1200x772-1-e1773224684280-480x270.webp"},"et-pb-image--responsive--desktop":{"width":708,"height":720,"mime-type":"image\/webp","filesize":115340,"url":"https:\/\/my-easy-access.com\/wp-content\/uploads\/2026\/03\/MUCEM-SITE_bonnes-meres_72dpi_1280_823px-1200x772-1-e1773224684280-708x720.webp"}}},"all_day":true,"start_date":"2026-03-18 00:00:00","start_date_details":{"year":"2026","month":"03","day":"18","hour":"00","minutes":"00","seconds":"00"},"end_date":"2026-12-31 23:59:59","end_date_details":{"year":"2026","month":"12","day":"31","hour":"23","minutes":"59","seconds":"59"},"utc_start_date":"2026-03-17 23:00:00","utc_start_date_details":{"year":"2026","month":"03","day":"17","hour":"23","minutes":"00","seconds":"00"},"utc_end_date":"2026-12-31 22:59:59","utc_end_date_details":{"year":"2026","month":"12","day":"31","hour":"22","minutes":"59","seconds":"59"},"timezone":"Europe\/Paris","timezone_abbr":"CET","cost":"\u20ac11","cost_details":{"currency_symbol":"\u20ac","currency_code":"EUR","currency_position":"prefix","values":["11"]},"website":"https:\/\/mucem.org\/expositions\/bonnes-meres\/?utm_source=brevo&amp;utm_campaign=ddcp_LSF_2026_mars&amp;utm_medium=email","show_map":true,"show_map_link":true,"hide_from_listings":false,"sticky":false,"featured":false,"categories":[{"name":"marseille","slug":"marseille","term_group":0,"term_taxonomy_id":29,"taxonomy":"tribe_events_cat","description":"","parent":0,"count":38,"filter":"raw","id":29,"urls":{"self":"https:\/\/my-easy-access.com\/index.php?rest_route=\/tribe\/events\/v1\/categories\/29","collection":"https:\/\/my-easy-access.com\/index.php?rest_route=\/tribe\/events\/v1\/categories"}}],"tags":[{"name":"Ev\u00e8nements \u00e0 Marseille","slug":"evenements-a-marseille","term_group":0,"term_taxonomy_id":66,"taxonomy":"post_tag","description":"","parent":0,"count":19,"filter":"raw","id":66,"urls":{"self":"https:\/\/my-easy-access.com\/index.php?rest_route=\/tribe\/events\/v1\/tags\/66","collection":"https:\/\/my-easy-access.com\/index.php?rest_route=\/tribe\/events\/v1\/tags"}}],"venue":{"id":3959,"author":"1","status":"publish","date":"2025-01-12 09:12:37","date_utc":"2025-01-12 08:12:37","modified":"2025-01-12 09:12:37","modified_utc":"2025-01-12 08:12:37","url":"https:\/\/my-easy-access.com\/?tribe_venue=mucem","venue":"MUCEM","slug":"mucem","address":"batiment georges henri rivierres","city":"Marseilles","country":"France","website":"https:\/\/www.mucem.org\/programme\/exposition-et-temps-forts\/revenir","json_ld":{"@type":"Place","name":"MUCEM","description":"","url":"","address":{"@type":"PostalAddress","streetAddress":"batiment georges henri rivierres","addressLocality":"Marseilles","addressCountry":"France"},"telephone":"","sameAs":"https:\/\/www.mucem.org\/programme\/exposition-et-temps-forts\/revenir"},"show_map":false,"show_map_link":false,"global_id":"my-easy-access.com?id=3959","global_id_lineage":["my-easy-access.com?id=3959"]},"organizer":[{"id":3960,"author":"1","status":"publish","date":"2025-01-12 09:12:42","date_utc":"2025-01-12 08:12:42","modified":"2025-01-12 09:12:42","modified_utc":"2025-01-12 08:12:42","url":"https:\/\/my-easy-access.com\/?tribe_organizer=mucem","organizer":"MUCEM","slug":"mucem","website":"https:\/\/www.mucem.org\/","json_ld":{"@type":"Person","name":"MUCEM","description":"","url":"https:\/\/www.mucem.org\/","telephone":"","email":"","sameAs":"https:\/\/www.mucem.org\/"},"global_id":"my-easy-access.com?id=3960","global_id_lineage":["my-easy-access.com?id=3960"]}],"custom_fields":[],"json_ld":{"@context":"http:\/\/schema.org","@type":"Event","name":"Bonnes M\u00e8res : la maternit\u00e9 m\u00e9diterran\u00e9enne s&rsquo;expose","description":"&lt;p&gt;\u00c0 partir du 18 mars 2026, le Mucem consacre la maternit\u00e9 m\u00e9diterran\u00e9enne comme objet de construction sociale, enjeu politique et sujet artistique dans un parcours immersif et diachronique retra\u00e7ant son [&hellip;]&lt;\/p&gt;\\n","image":"https:\/\/my-easy-access.com\/wp-content\/uploads\/2026\/03\/MUCEM-SITE_bonnes-meres_72dpi_1280_823px-1200x772-1-e1773224684280.webp","url":"https:\/\/my-easy-access.com\/?tribe_events=bonnes-meres-la-maternite-mediterraneenne-sexpose","eventAttendanceMode":"https:\/\/schema.org\/OfflineEventAttendanceMode","eventStatus":"https:\/\/schema.org\/EventScheduled","startDate":"2026-03-18T00:00:00+01:00","endDate":"2026-12-31T23:59:59+01:00","location":{"@type":"Place","name":"MUCEM","description":"","url":"","address":{"@type":"PostalAddress","streetAddress":"batiment georges henri rivierres","addressLocality":"Marseilles","addressCountry":"France"},"telephone":"","sameAs":"https:\/\/www.mucem.org\/programme\/exposition-et-temps-forts\/revenir"},"organizer":{"@type":"Person","name":"MUCEM","description":"","url":"https:\/\/www.mucem.org\/","telephone":"","email":"","sameAs":"https:\/\/www.mucem.org\/"},"offers":{"@type":"Offer","price":"11","priceCurrency":"EUR","url":"https:\/\/my-easy-access.com\/?tribe_events=bonnes-meres-la-maternite-mediterraneenne-sexpose","category":"primary","availability":"inStock","validFrom":"2026-03-12T02:26:00+00:00"},"performer":"Organization"}}